{"id":448,"date":"2019-08-31T14:49:16","date_gmt":"2019-08-31T14:49:16","guid":{"rendered":"https:\/\/clemenshochreuter.ch\/?p=448"},"modified":"2019-08-31T14:49:16","modified_gmt":"2019-08-31T14:49:16","slug":"die-region-aarau-ist-seit-zehn-jahren-nicht-mehr-im-nationalrat-vertreten-dieser-mann-will-das-aendern","status":"publish","type":"post","link":"https:\/\/clemenshochreuter.ch\/?p=448","title":{"rendered":"Die Region Aarau ist seit zehn Jahren nicht mehr im Nationalrat vertreten \u2013 dieser Mann will das \u00e4ndern"},"content":{"rendered":"<p>Dieser Mann erbrachte \u00fcber Jahrzehnte den Tatbeweis, dass es ihm ernst ist mit seinen politischen Ambitionen. Er hat die Ochsentour beginnend mit dem Stimmenz\u00e4hler gemacht. Er hat schon mit 20 die Geschichte der SVP Aarau geschrieben. Und er hat sich immer wieder als Chrampfer profiliert. Zuletzt als Verfasser eines Positionspapiers zur kantonalen Spitalpolitik, das die SVP-Fraktion diese Woche genehmigte. Grossrat Clemens Hochreuter (38) hat intakte Chancen, den Sprung nach Bern zu schaffen. Und er ist eine der Hoffnungen des Raumes Aarau, nach Urs Hofmann (R\u00fccktritt 2009) endlich wieder einen Nationalrat zu haben.<\/p>\n<div id=\"azd_rectangle_1\" class=\"ad\"><\/div>\n<p>Allerdings wird es f\u00fcr Hochreuter nicht leicht: Erstens darf die SVP Aargau m\u00f6glichst kein Nationalratsmandat verlieren. Und zweitens muss er sich gegen starke parteiinterne Konkurrenz durchsetzen \u2013 auch wenn er vom vielversprechenden sechsten Listenplatz aus ins Rennen steigt (die SVP hatte bisher sieben Mandate).<\/p>\n<h2>Hochreuter lebte 30 Jahr in den Telli-\u00abStaumauern\u00bb<\/h2>\n<div id=\"azd_teads_1\" class=\"ad\"><\/div>\n<p>Das Familienfoto auf seiner Homepage ist auf der ehemaligen Halle der Sonderm\u00fclldeponie K\u00f6lliken (SMDK) entstanden. Am 70. Geburtstag seines Vaters. Er hat dort in leitender Stellung gearbeitet. Und auch er war Politiker \u2013 allerdings in der CVP, und nur im Einwohnerrat von Aarau.<\/p>\n<p>Clemens Hochreuter lebte 30 Jahre lang in der Telli. Er hat sogar zwischen den \u00abStaumauern\u00bb gez\u00fcgelt. 2016, mitten im Grossratswahlkampf, ist er nach Erlinsbach umgezogen, wo die Familie ein Eigenheim beziehen konnte. Er sagt: \u00abIch wohne weiterhin an der Buslinie\u00a02.\u00bb Seine Frau ist Frei\u00e4mterin (aus Unterlunkhofen), die Kinder sind vier und sieben Jahre alt.<\/p>\n<h2>Mit einem Bezug zu b\u00e4uerlichen Kreisen<\/h2>\n<p>Hochreuter ist ehrgeizig \u2013 nicht nur in der Politik. Er hat im Milit\u00e4r Karriere gemacht. Aktueller Grad: Major im Generalstab. Er studierte Betriebswirtschaft \u2013 in St. Gallen an der HSG. Er arbeitete viele Jahre bei Banken, zuletzt im Firmenkundengesch\u00e4ft der NAB. Im Sommer 2018 wechselte er zur Vital AG (Oberentfelden), einem der Unternehmen des designierten FCA-Pr\u00e4sidenten Philipp Bonorand (38). Die beiden kennen sich aus gemeinsamen Zeiten im Einwohnerrat Aarau. Und Hochreuter war schon vor seinem Einstieg bei der Vital sechs Jahre lang Verwaltungsrat der Multiforsa, der anderen Bonorand-Firma.<\/p>\n<p>Die Vital AG gibt dem Politiker Hochreuter einen Bezug zu b\u00e4uerlichen Kreisen. Sie ist prim\u00e4r in der Tierern\u00e4hrung, aber auch etwas im Bereich der Tiergesundheit aktiv. Sie stellt Vormischungen her, die dann von Futterm\u00fchlen und selbstmischenden Bauern dem Futter beigegeben werden. \u00abAls Generalist in einem KMU arbeiten zu k\u00f6nnen, ist eine grosse Chance\u00bb, erkl\u00e4rt Hochreuter, der als stellvertretender Gesch\u00e4ftsf\u00fchrer einem Dutzend Angestellten direkt vorsteht. Das Gesch\u00e4ft sei anspruchsvoll, herausfordernd, aber es laufe nicht schlecht.<\/p>\n<p>Der berufliche Wechsel war einer der Gr\u00fcnde, warum sich Hochreuter nicht f\u00fcr die Nachfolge von Franziska Roth bewarb \u2013 auch, wenn er f\u00fcr sich eine Regierungsratst\u00e4tigkeit nicht f\u00fcr alle Zeiten ausschliesst. \u00abDoch mein Fokus liegt im Moment auf dem Grossratsmandat und auf den Nationalratswahlen.\u00bb<\/p>\n<h2>Kritisch gegen\u00fcber dem Kantonsspital Aarau<\/h2>\n<p>Hochreuter geh\u00f6rt seit sieben Jahren der Gesundheitskommission des Grossen Rates an. Er konzentriert sich auf Themen aus dem Departement f\u00fcr Gesundheit und Soziales (DGS). Wer sein Positionspapier Spitalpolitik liest, w\u00fcrde nicht glauben, dass seine ehemalige SVP-Kollegin Franziska Roth das DGS geleitet hat.<\/p>\n<p>Hochreuter versucht sich immer wieder mit kritischen Fragen zum Kantonsspital Aarau (KSA) zu profilieren. Insbesondere zu dessen Neubau, etwa der Einzelzimmer-Strategie. Aber das Etikett des KSA-Gegners will er sich nicht anh\u00e4ngen lassen. \u00abIch will nur, dass es gut aufgestellt ist. Denn ich mache mir Sorgen um die Finanzen. Das KSA ist matchentscheidend f\u00fcr die Gesundheitsversorgung der Region.\u00bb Und ein Verhinderer will er auch nicht sein: \u00abWenn der Businessplan die Tragbarkeit des Neubaus sauber nachweist und das Spital dessen Finanzierung sicherstellen kann, wird der Bau relativ bald beginnen k\u00f6nnen.\u00bb Wichtig sei jetzt, dass beim Neubauprojekt die Kosten reduziert werden.<\/p>\n<h2>Ein Standbein in der Finanzwelt<\/h2>\n<p>Hochreuter schreibt seine Mails h\u00e4ufig erst gegen Mitternacht. Er ist \u00e4usserst vielseitig besch\u00e4ftigt. Familie, Beruf, Politik, Milit\u00e4r, aber auch \u00c4mter wie die Mitgliedschaft im Verwaltungsrat der Klinik im Hasel AG oder im Vorstand des Vereins Barmelweid. Zudem hat er sich nach seinem Wechsel zur Vital ein Bein in der Finanzwelt erhalten. Mit einem Teilpensum ist er Consultant des Verm\u00f6gensverwalters Helvetic Trust, betreut in dieser Funktion verm\u00f6gende Kunden.<\/p>\n<p>Hochreuter liebt Zahlen. 2015 gen\u00fcgten auf der SVP-Liste 75\u00a0000 Stimmen f\u00fcr die Wahl in den Nationalrat. Hochreuter lag bei 63\u00a0000 Stimmen. Der R\u00fcckstand ist beachtlich, aber aufholbar. Er glaubt an den Erfolg: \u00abIch habe einen attraktiven Startplatz \u2013 und ich k\u00e4mpfe.\u00bb<\/p>\n","protected":false},"excerpt":{"rendered":"<p>Dieser Mann erbrachte \u00fcber Jahrzehnte den Tatbeweis, dass es ihm ernst ist mit seinen politischen Ambitionen. Er hat die Ochsentour beginnend mit dem Stimmenz\u00e4hler gemacht. Er hat schon mit 20 die Geschichte der SVP Aarau geschrieben. Und er hat sich&#8230; <a href=\"https:\/\/clemenshochreuter.ch\/?p=448\" class=\"readmore\">weiter lesen<span class=\"screen-reader-text\">Die Region Aarau ist seit zehn Jahren nicht mehr im Nationalrat vertreten \u2013 dieser Mann will das \u00e4ndern<\/span><span class=\"fa fa-angle-double-right\" aria-hidden=\"true\"><\/span><\/a><\/p>\n","protected":false},"author":3,"featured_media":450,"comment_status":"open","ping_status":"closed","sticky":false,"template":"","format":"standard","meta":{"ngg_post_thumbnail":0,"footnotes":""},"categories":[1],"tags":[],"class_list":["post-448","post","type-post","status-publish","format-standard","has-post-thumbnail","hentry","category-uncategorized","content-layout-full"],"_links":{"self":[{"href":"https:\/\/clemenshochreuter.ch\/index.php?rest_route=\/wp\/v2\/posts\/448","targetHints":{"allow":["GET"]}}],"collection":[{"href":"https:\/\/clemenshochreuter.ch\/index.php?rest_route=\/wp\/v2\/posts"}],"about":[{"href":"https:\/\/clemenshochreuter.ch\/index.php?rest_route=\/wp\/v2\/types\/post"}],"author":[{"embeddable":true,"href":"https:\/\/clemenshochreuter.ch\/index.php?rest_route=\/wp\/v2\/users\/3"}],"replies":[{"embeddable":true,"href":"https:\/\/clemenshochreuter.ch\/index.php?rest_route=%2Fwp%2Fv2%2Fcomments&post=448"}],"version-history":[{"count":1,"href":"https:\/\/clemenshochreuter.ch\/index.php?rest_route=\/wp\/v2\/posts\/448\/revisions"}],"predecessor-version":[{"id":451,"href":"https:\/\/clemenshochreuter.ch\/index.php?rest_route=\/wp\/v2\/posts\/448\/revisions\/451"}],"wp:featuredmedia":[{"embeddable":true,"href":"https:\/\/clemenshochreuter.ch\/index.php?rest_route=\/wp\/v2\/media\/450"}],"wp:attachment":[{"href":"https:\/\/clemenshochreuter.ch\/index.php?rest_route=%2Fwp%2Fv2%2Fmedia&parent=448"}],"wp:term":[{"taxonomy":"category","embeddable":true,"href":"https:\/\/clemenshochreuter.ch\/index.php?rest_route=%2Fwp%2Fv2%2Fcategories&post=448"},{"taxonomy":"post_tag","embeddable":true,"href":"https:\/\/clemenshochreuter.ch\/index.php?rest_route=%2Fwp%2Fv2%2Ftags&post=448"}],"curies":[{"name":"wp","href":"https:\/\/api.w.org\/{rel}","templated":true}]}}